{"id":1826,"date":"2022-04-05T12:43:13","date_gmt":"2022-04-05T15:43:13","guid":{"rendered":"http:\/\/carranzapoetrypaintings.art.br\/?p=1826"},"modified":"2025-10-16T18:18:09","modified_gmt":"2025-10-16T21:18:09","slug":"a-flor-empirica-excertos","status":"publish","type":"post","link":"https:\/\/carranzapoetrypaintings.art.br\/en\/poesia\/a-flor-empirica-excertos\/","title":{"rendered":"A flor emp\u00edrica (excertos)"},"content":{"rendered":"<figure class=\"wp-block-image size-full is-resized\"><img decoding=\"async\" src=\"https:\/\/carranzapoetrypaintings.art.br\/wp-content\/uploads\/2022\/07\/Capa-A-flor-empi\u0301rica-frente.jpg\" alt=\"\" class=\"wp-image-2147\" width=\"643\" srcset=\"https:\/\/carranzapoetrypaintings.art.br\/wp-content\/uploads\/2022\/07\/Capa-A-flor-empi\u0301rica-frente.jpg 1721w, https:\/\/carranzapoetrypaintings.art.br\/wp-content\/uploads\/2022\/07\/Capa-A-flor-empi\u0301rica-frente-210x300.jpg 210w, https:\/\/carranzapoetrypaintings.art.br\/wp-content\/uploads\/2022\/07\/Capa-A-flor-empi\u0301rica-frente-716x1024.jpg 716w, https:\/\/carranzapoetrypaintings.art.br\/wp-content\/uploads\/2022\/07\/Capa-A-flor-empi\u0301rica-frente-768x1099.jpg 768w, https:\/\/carranzapoetrypaintings.art.br\/wp-content\/uploads\/2022\/07\/Capa-A-flor-empi\u0301rica-frente-1074x1536.jpg 1074w, https:\/\/carranzapoetrypaintings.art.br\/wp-content\/uploads\/2022\/07\/Capa-A-flor-empi\u0301rica-frente-1432x2048.jpg 1432w, https:\/\/carranzapoetrypaintings.art.br\/wp-content\/uploads\/2022\/07\/Capa-A-flor-empi\u0301rica-frente-8x12.jpg 8w\" sizes=\"(max-width: 1721px) 100vw, 1721px\" \/><\/figure>\n\n\n\n<p>The Poems of Ricardo Carranza<\/p>\n\n\n\n<p>CARRANZA, Ricardo.&nbsp;<em>A flor emp\u00edrica: (excertos)<\/em>.&nbsp;S\u00e3o Paulo: G&amp;C Arquitect\u00f4nica, 2011.<\/p>\n\n\n\n<div class=\"wp-block-buttons is-layout-flex wp-block-buttons-is-layout-flex\">\n<div class=\"wp-block-button\"><a class=\"wp-block-button__link has-white-color has-text-color has-background\" href=\"https:\/\/carranzapoetrypaintings.art.br\/en\/contato\/\" style=\"background-color:#787878\">PURCHASE<\/a><\/div>\n<\/div>\n\n\n\n<p><\/p>","protected":false},"excerpt":{"rendered":"<p>Poemas de&nbsp;Ricardo Carranza CARRANZA, Ricardo.&nbsp;A flor emp\u00edrica: (excertos).&nbsp;S\u00e3o Paulo: G&amp;C Arquitect\u00f4nica, 2011.<\/p>","protected":false},"author":1,"featured_media":2147,"comment_status":"open","ping_status":"open","sticky":false,"template":"","format":"standard","meta":{"site-sidebar-layout":"default","site-content-layout":"","ast-site-content-layout":"default","site-content-style":"default","site-sidebar-style":"default","ast-global-header-display":"","ast-banner-title-visibility":"","ast-main-header-display":"","ast-hfb-above-header-display":"","ast-hfb-below-header-display":"","ast-hfb-mobile-header-display":"","site-post-title":"","ast-breadcrumbs-content":"","ast-featured-img":"","footer-sml-layout":"","ast-disable-related-posts":"","theme-transparent-header-meta":"","adv-header-id-meta":"","stick-header-meta":"","header-above-stick-meta":"","header-main-stick-meta":"","header-below-stick-meta":"","astra-migrate-meta-layouts":"default","ast-page-background-enabled":"default","ast-page-background-meta":{"desktop":{"background-color":"var(--ast-global-color-5)","background-image":"","background-repeat":"repeat","background-position":"center center","background-size":"auto","background-attachment":"scroll","background-type":"","background-media":"","overlay-type":"","overlay-color":"","overlay-opacity":"","overlay-gradient":""},"tablet":{"background-color":"","background-image":"","background-repeat":"repeat","background-position":"center center","background-size":"auto","background-attachment":"scroll","background-type":"","background-media":"","overlay-type":"","overlay-color":"","overlay-opacity":"","overlay-gradient":""},"mobile":{"background-color":"","background-image":"","background-repeat":"repeat","background-position":"center center","background-size":"auto","background-attachment":"scroll","background-type":"","background-media":"","overlay-type":"","overlay-color":"","overlay-opacity":"","overlay-gradient":""}},"ast-content-background-meta":{"desktop":{"background-color":"var(--ast-global-color-4)","background-image":"","background-repeat":"repeat","background-position":"center center","background-size":"auto","background-attachment":"scroll","background-type":"","background-media":"","overlay-type":"","overlay-color":"","overlay-opacity":"","overlay-gradient":""},"tablet":{"background-color":"var(--ast-global-color-4)","background-image":"","background-repeat":"repeat","background-position":"center center","background-size":"auto","background-attachment":"scroll","background-type":"","background-media":"","overlay-type":"","overlay-color":"","overlay-opacity":"","overlay-gradient":""},"mobile":{"background-color":"var(--ast-global-color-4)","background-image":"","background-repeat":"repeat","background-position":"center center","background-size":"auto","background-attachment":"scroll","background-type":"","background-media":"","overlay-type":"","overlay-color":"","overlay-opacity":"","overlay-gradient":""}},"footnotes":""},"categories":[13],"tags":[93],"class_list":["post-1826","post","type-post","status-publish","format-standard","has-post-thumbnail","hentry","category-poesia","tag-outros"],"yoast_head":"<!-- This site is optimized with the Yoast SEO plugin v27.4 - https:\/\/yoast.com\/product\/yoast-seo-wordpress\/ -->\n<title>A flor emp\u00edrica (excertos) | Ricardo Carranza<\/title>\n<meta name=\"description\" content=\"Ricardo Carranza \u00e9 pintor, escritor, poeta e arquiteto. Seu trabalho art\u00edstico explora a rela\u00e7\u00e3o entre a express\u00e3o da pintura abstrata e poesia. Mestre em arquitetura e urbanismo pela Universidade de S\u00e3o Paulo, ele tamb\u00e9m foi professor de Arquitetura e Hist\u00f3ria da Arte.\" \/>\n<meta name=\"robots\" content=\"index, follow, max-snippet:-1, max-image-preview:large, max-video-preview:-1\" \/>\n<link rel=\"canonical\" href=\"https:\/\/carranzapoetrypaintings.art.br\/en\/poesia\/a-flor-empirica-excertos\/\" \/>\n<meta property=\"og:locale\" content=\"en_US\" \/>\n<meta property=\"og:type\" content=\"article\" \/>\n<meta property=\"og:title\" content=\"A flor emp\u00edrica (excertos) | Ricardo Carranza\" \/>\n<meta property=\"og:description\" content=\"Ricardo Carranza \u00e9 pintor, escritor, poeta e arquiteto. Seu trabalho art\u00edstico explora a rela\u00e7\u00e3o entre a express\u00e3o da pintura abstrata e poesia. Mestre em arquitetura e urbanismo pela Universidade de S\u00e3o Paulo, ele tamb\u00e9m foi professor de Arquitetura e Hist\u00f3ria da Arte.\" \/>\n<meta property=\"og:url\" content=\"https:\/\/carranzapoetrypaintings.art.br\/en\/poesia\/a-flor-empirica-excertos\/\" \/>\n<meta property=\"og:site_name\" content=\"Ricardo Carranza\" \/>\n<meta property=\"article:publisher\" content=\"https:\/\/www.facebook.com\/people\/Ricardo-Carranza\/100001639244000\/\" \/>\n<meta property=\"article:published_time\" content=\"2022-04-05T15:43:13+00:00\" \/>\n<meta property=\"article:modified_time\" content=\"2025-10-16T21:18:09+00:00\" \/>\n<meta property=\"og:image\" content=\"https:\/\/carranzapoetrypaintings.art.br\/wp-content\/uploads\/2022\/07\/Capa-A-flor-empi\u0301rica-frente.jpg\" \/>\n\t<meta property=\"og:image:width\" content=\"1721\" \/>\n\t<meta property=\"og:image:height\" content=\"2462\" \/>\n\t<meta property=\"og:image:type\" content=\"image\/jpeg\" \/>\n<meta name=\"author\" content=\"edite\" \/>\n<meta name=\"twitter:card\" content=\"summary_large_image\" \/>\n<meta name=\"twitter:creator\" content=\"@carranza1953\" \/>\n<meta name=\"twitter:site\" content=\"@carranza1953\" \/>\n<meta name=\"twitter:label1\" content=\"Written by\" \/>\n\t<meta name=\"twitter:data1\" content=\"edite\" \/>\n\t<meta name=\"twitter:label2\" content=\"Est. reading time\" \/>\n\t<meta name=\"twitter:data2\" content=\"1 minute\" \/>\n<script type=\"application\/ld+json\" class=\"yoast-schema-graph\">{\"@context\":\"https:\\\/\\\/schema.org\",\"@graph\":[{\"@type\":\"Article\",\"@id\":\"https:\\\/\\\/carranzapoetrypaintings.art.br\\\/poesia\\\/a-flor-empirica-excertos\\\/#article\",\"isPartOf\":{\"@id\":\"https:\\\/\\\/carranzapoetrypaintings.art.br\\\/poesia\\\/a-flor-empirica-excertos\\\/\"},\"author\":{\"name\":\"edite\",\"@id\":\"https:\\\/\\\/carranzapoetrypaintings.art.br\\\/#\\\/schema\\\/person\\\/b5aa00bde24478b85efbac5a72a562d6\"},\"headline\":\"A flor emp\u00edrica (excertos)\",\"datePublished\":\"2022-04-05T15:43:13+00:00\",\"dateModified\":\"2025-10-16T21:18:09+00:00\",\"mainEntityOfPage\":{\"@id\":\"https:\\\/\\\/carranzapoetrypaintings.art.br\\\/poesia\\\/a-flor-empirica-excertos\\\/\"},\"wordCount\":28,\"commentCount\":0,\"publisher\":{\"@id\":\"https:\\\/\\\/carranzapoetrypaintings.art.br\\\/#organization\"},\"image\":{\"@id\":\"https:\\\/\\\/carranzapoetrypaintings.art.br\\\/poesia\\\/a-flor-empirica-excertos\\\/#primaryimage\"},\"thumbnailUrl\":\"https:\\\/\\\/carranzapoetrypaintings.art.br\\\/wp-content\\\/uploads\\\/2022\\\/07\\\/Capa-A-flor-empi\u0301rica-frente.jpg\",\"keywords\":[\"Outros\"],\"articleSection\":[\"Poesia\"],\"inLanguage\":\"en-US\",\"potentialAction\":[{\"@type\":\"CommentAction\",\"name\":\"Comment\",\"target\":[\"https:\\\/\\\/carranzapoetrypaintings.art.br\\\/poesia\\\/a-flor-empirica-excertos\\\/#respond\"]}]},{\"@type\":\"WebPage\",\"@id\":\"https:\\\/\\\/carranzapoetrypaintings.art.br\\\/poesia\\\/a-flor-empirica-excertos\\\/\",\"url\":\"https:\\\/\\\/carranzapoetrypaintings.art.br\\\/poesia\\\/a-flor-empirica-excertos\\\/\",\"name\":\"A flor emp\u00edrica (excertos) | Ricardo Carranza\",\"isPartOf\":{\"@id\":\"https:\\\/\\\/carranzapoetrypaintings.art.br\\\/#website\"},\"primaryImageOfPage\":{\"@id\":\"https:\\\/\\\/carranzapoetrypaintings.art.br\\\/poesia\\\/a-flor-empirica-excertos\\\/#primaryimage\"},\"image\":{\"@id\":\"https:\\\/\\\/carranzapoetrypaintings.art.br\\\/poesia\\\/a-flor-empirica-excertos\\\/#primaryimage\"},\"thumbnailUrl\":\"https:\\\/\\\/carranzapoetrypaintings.art.br\\\/wp-content\\\/uploads\\\/2022\\\/07\\\/Capa-A-flor-empi\u0301rica-frente.jpg\",\"datePublished\":\"2022-04-05T15:43:13+00:00\",\"dateModified\":\"2025-10-16T21:18:09+00:00\",\"description\":\"Ricardo Carranza \u00e9 pintor, escritor, poeta e arquiteto. Seu trabalho art\u00edstico explora a rela\u00e7\u00e3o entre a express\u00e3o da pintura abstrata e poesia. Mestre em arquitetura e urbanismo pela Universidade de S\u00e3o Paulo, ele tamb\u00e9m foi professor de Arquitetura e Hist\u00f3ria da Arte.\",\"breadcrumb\":{\"@id\":\"https:\\\/\\\/carranzapoetrypaintings.art.br\\\/poesia\\\/a-flor-empirica-excertos\\\/#breadcrumb\"},\"inLanguage\":\"en-US\",\"potentialAction\":[{\"@type\":\"ReadAction\",\"target\":[\"https:\\\/\\\/carranzapoetrypaintings.art.br\\\/poesia\\\/a-flor-empirica-excertos\\\/\"]}]},{\"@type\":\"ImageObject\",\"inLanguage\":\"en-US\",\"@id\":\"https:\\\/\\\/carranzapoetrypaintings.art.br\\\/poesia\\\/a-flor-empirica-excertos\\\/#primaryimage\",\"url\":\"https:\\\/\\\/carranzapoetrypaintings.art.br\\\/wp-content\\\/uploads\\\/2022\\\/07\\\/Capa-A-flor-empi\u0301rica-frente.jpg\",\"contentUrl\":\"https:\\\/\\\/carranzapoetrypaintings.art.br\\\/wp-content\\\/uploads\\\/2022\\\/07\\\/Capa-A-flor-empi\u0301rica-frente.jpg\",\"width\":1721,\"height\":2462,\"caption\":\"Poemas de Ricardo Carranza\"},{\"@type\":\"BreadcrumbList\",\"@id\":\"https:\\\/\\\/carranzapoetrypaintings.art.br\\\/poesia\\\/a-flor-empirica-excertos\\\/#breadcrumb\",\"itemListElement\":[{\"@type\":\"ListItem\",\"position\":1,\"name\":\"In\u00edcio\",\"item\":\"https:\\\/\\\/carranzapoetrypaintings.art.br\\\/\"},{\"@type\":\"ListItem\",\"position\":2,\"name\":\"A flor emp\u00edrica (excertos)\"}]},{\"@type\":\"WebSite\",\"@id\":\"https:\\\/\\\/carranzapoetrypaintings.art.br\\\/#website\",\"url\":\"https:\\\/\\\/carranzapoetrypaintings.art.br\\\/\",\"name\":\"Ricardo Carranza\",\"description\":\"\",\"publisher\":{\"@id\":\"https:\\\/\\\/carranzapoetrypaintings.art.br\\\/#organization\"},\"potentialAction\":[{\"@type\":\"SearchAction\",\"target\":{\"@type\":\"EntryPoint\",\"urlTemplate\":\"https:\\\/\\\/carranzapoetrypaintings.art.br\\\/?s={search_term_string}\"},\"query-input\":{\"@type\":\"PropertyValueSpecification\",\"valueRequired\":true,\"valueName\":\"search_term_string\"}}],\"inLanguage\":\"en-US\"},{\"@type\":\"Organization\",\"@id\":\"https:\\\/\\\/carranzapoetrypaintings.art.br\\\/#organization\",\"name\":\"Ricardo Carranza\",\"url\":\"https:\\\/\\\/carranzapoetrypaintings.art.br\\\/\",\"logo\":{\"@type\":\"ImageObject\",\"inLanguage\":\"en-US\",\"@id\":\"https:\\\/\\\/carranzapoetrypaintings.art.br\\\/#\\\/schema\\\/logo\\\/image\\\/\",\"url\":\"https:\\\/\\\/carranzapoetrypaintings.art.br\\\/wp-content\\\/uploads\\\/2022\\\/06\\\/2022-ricardo-carranza-FAVICON.jpg\",\"contentUrl\":\"https:\\\/\\\/carranzapoetrypaintings.art.br\\\/wp-content\\\/uploads\\\/2022\\\/06\\\/2022-ricardo-carranza-FAVICON.jpg\",\"width\":1781,\"height\":1822,\"caption\":\"Ricardo Carranza\"},\"image\":{\"@id\":\"https:\\\/\\\/carranzapoetrypaintings.art.br\\\/#\\\/schema\\\/logo\\\/image\\\/\"},\"sameAs\":[\"https:\\\/\\\/www.facebook.com\\\/people\\\/Ricardo-Carranza\\\/100001639244000\\\/\",\"https:\\\/\\\/x.com\\\/carranza1953\",\"https:\\\/\\\/instagram.com\\\/ricardo.carranza53\"]},{\"@type\":\"Person\",\"@id\":\"https:\\\/\\\/carranzapoetrypaintings.art.br\\\/#\\\/schema\\\/person\\\/b5aa00bde24478b85efbac5a72a562d6\",\"name\":\"edite\",\"image\":{\"@type\":\"ImageObject\",\"inLanguage\":\"en-US\",\"@id\":\"https:\\\/\\\/secure.gravatar.com\\\/avatar\\\/0b66cb5ec1b5bf9974e0be57cc6810f58f9a9615f98fb4eb167ed316d8ccadcc?s=96&d=mm&r=g\",\"url\":\"https:\\\/\\\/secure.gravatar.com\\\/avatar\\\/0b66cb5ec1b5bf9974e0be57cc6810f58f9a9615f98fb4eb167ed316d8ccadcc?s=96&d=mm&r=g\",\"contentUrl\":\"https:\\\/\\\/secure.gravatar.com\\\/avatar\\\/0b66cb5ec1b5bf9974e0be57cc6810f58f9a9615f98fb4eb167ed316d8ccadcc?s=96&d=mm&r=g\",\"caption\":\"edite\"},\"url\":\"https:\\\/\\\/carranzapoetrypaintings.art.br\\\/en\\\/author\\\/edite\\\/\"}]}<\/script>\n<!-- \/ Yoast SEO plugin. -->","yoast_head_json":{"title":"A flor emp\u00edrica (excertos) | Ricardo Carranza","description":"Ricardo Carranza \u00e9 pintor, escritor, poeta e arquiteto. Seu trabalho art\u00edstico explora a rela\u00e7\u00e3o entre a express\u00e3o da pintura abstrata e poesia. Mestre em arquitetura e urbanismo pela Universidade de S\u00e3o Paulo, ele tamb\u00e9m foi professor de Arquitetura e Hist\u00f3ria da Arte.","robots":{"index":"index","follow":"follow","max-snippet":"max-snippet:-1","max-image-preview":"max-image-preview:large","max-video-preview":"max-video-preview:-1"},"canonical":"https:\/\/carranzapoetrypaintings.art.br\/en\/poesia\/a-flor-empirica-excertos\/","og_locale":"en_US","og_type":"article","og_title":"A flor emp\u00edrica (excertos) | Ricardo Carranza","og_description":"Ricardo Carranza \u00e9 pintor, escritor, poeta e arquiteto. Seu trabalho art\u00edstico explora a rela\u00e7\u00e3o entre a express\u00e3o da pintura abstrata e poesia. Mestre em arquitetura e urbanismo pela Universidade de S\u00e3o Paulo, ele tamb\u00e9m foi professor de Arquitetura e Hist\u00f3ria da Arte.","og_url":"https:\/\/carranzapoetrypaintings.art.br\/en\/poesia\/a-flor-empirica-excertos\/","og_site_name":"Ricardo Carranza","article_publisher":"https:\/\/www.facebook.com\/people\/Ricardo-Carranza\/100001639244000\/","article_published_time":"2022-04-05T15:43:13+00:00","article_modified_time":"2025-10-16T21:18:09+00:00","og_image":[{"width":1721,"height":2462,"url":"https:\/\/carranzapoetrypaintings.art.br\/wp-content\/uploads\/2022\/07\/Capa-A-flor-empi\u0301rica-frente.jpg","type":"image\/jpeg"}],"author":"edite","twitter_card":"summary_large_image","twitter_creator":"@carranza1953","twitter_site":"@carranza1953","twitter_misc":{"Written by":"edite","Est. reading time":"1 minute"},"schema":{"@context":"https:\/\/schema.org","@graph":[{"@type":"Article","@id":"https:\/\/carranzapoetrypaintings.art.br\/poesia\/a-flor-empirica-excertos\/#article","isPartOf":{"@id":"https:\/\/carranzapoetrypaintings.art.br\/poesia\/a-flor-empirica-excertos\/"},"author":{"name":"edite","@id":"https:\/\/carranzapoetrypaintings.art.br\/#\/schema\/person\/b5aa00bde24478b85efbac5a72a562d6"},"headline":"A flor emp\u00edrica (excertos)","datePublished":"2022-04-05T15:43:13+00:00","dateModified":"2025-10-16T21:18:09+00:00","mainEntityOfPage":{"@id":"https:\/\/carranzapoetrypaintings.art.br\/poesia\/a-flor-empirica-excertos\/"},"wordCount":28,"commentCount":0,"publisher":{"@id":"https:\/\/carranzapoetrypaintings.art.br\/#organization"},"image":{"@id":"https:\/\/carranzapoetrypaintings.art.br\/poesia\/a-flor-empirica-excertos\/#primaryimage"},"thumbnailUrl":"https:\/\/carranzapoetrypaintings.art.br\/wp-content\/uploads\/2022\/07\/Capa-A-flor-empi\u0301rica-frente.jpg","keywords":["Outros"],"articleSection":["Poesia"],"inLanguage":"en-US","potentialAction":[{"@type":"CommentAction","name":"Comment","target":["https:\/\/carranzapoetrypaintings.art.br\/poesia\/a-flor-empirica-excertos\/#respond"]}]},{"@type":"WebPage","@id":"https:\/\/carranzapoetrypaintings.art.br\/poesia\/a-flor-empirica-excertos\/","url":"https:\/\/carranzapoetrypaintings.art.br\/poesia\/a-flor-empirica-excertos\/","name":"A flor emp\u00edrica (excertos) | Ricardo Carranza","isPartOf":{"@id":"https:\/\/carranzapoetrypaintings.art.br\/#website"},"primaryImageOfPage":{"@id":"https:\/\/carranzapoetrypaintings.art.br\/poesia\/a-flor-empirica-excertos\/#primaryimage"},"image":{"@id":"https:\/\/carranzapoetrypaintings.art.br\/poesia\/a-flor-empirica-excertos\/#primaryimage"},"thumbnailUrl":"https:\/\/carranzapoetrypaintings.art.br\/wp-content\/uploads\/2022\/07\/Capa-A-flor-empi\u0301rica-frente.jpg","datePublished":"2022-04-05T15:43:13+00:00","dateModified":"2025-10-16T21:18:09+00:00","description":"Ricardo Carranza \u00e9 pintor, escritor, poeta e arquiteto. Seu trabalho art\u00edstico explora a rela\u00e7\u00e3o entre a express\u00e3o da pintura abstrata e poesia. Mestre em arquitetura e urbanismo pela Universidade de S\u00e3o Paulo, ele tamb\u00e9m foi professor de Arquitetura e Hist\u00f3ria da Arte.","breadcrumb":{"@id":"https:\/\/carranzapoetrypaintings.art.br\/poesia\/a-flor-empirica-excertos\/#breadcrumb"},"inLanguage":"en-US","potentialAction":[{"@type":"ReadAction","target":["https:\/\/carranzapoetrypaintings.art.br\/poesia\/a-flor-empirica-excertos\/"]}]},{"@type":"ImageObject","inLanguage":"en-US","@id":"https:\/\/carranzapoetrypaintings.art.br\/poesia\/a-flor-empirica-excertos\/#primaryimage","url":"https:\/\/carranzapoetrypaintings.art.br\/wp-content\/uploads\/2022\/07\/Capa-A-flor-empi\u0301rica-frente.jpg","contentUrl":"https:\/\/carranzapoetrypaintings.art.br\/wp-content\/uploads\/2022\/07\/Capa-A-flor-empi\u0301rica-frente.jpg","width":1721,"height":2462,"caption":"Poemas de Ricardo Carranza"},{"@type":"BreadcrumbList","@id":"https:\/\/carranzapoetrypaintings.art.br\/poesia\/a-flor-empirica-excertos\/#breadcrumb","itemListElement":[{"@type":"ListItem","position":1,"name":"In\u00edcio","item":"https:\/\/carranzapoetrypaintings.art.br\/"},{"@type":"ListItem","position":2,"name":"A flor emp\u00edrica (excertos)"}]},{"@type":"WebSite","@id":"https:\/\/carranzapoetrypaintings.art.br\/#website","url":"https:\/\/carranzapoetrypaintings.art.br\/","name":"Ricardo Carranza","description":"","publisher":{"@id":"https:\/\/carranzapoetrypaintings.art.br\/#organization"},"potentialAction":[{"@type":"SearchAction","target":{"@type":"EntryPoint","urlTemplate":"https:\/\/carranzapoetrypaintings.art.br\/?s={search_term_string}"},"query-input":{"@type":"PropertyValueSpecification","valueRequired":true,"valueName":"search_term_string"}}],"inLanguage":"en-US"},{"@type":"Organization","@id":"https:\/\/carranzapoetrypaintings.art.br\/#organization","name":"Ricardo Carranza","url":"https:\/\/carranzapoetrypaintings.art.br\/","logo":{"@type":"ImageObject","inLanguage":"en-US","@id":"https:\/\/carranzapoetrypaintings.art.br\/#\/schema\/logo\/image\/","url":"https:\/\/carranzapoetrypaintings.art.br\/wp-content\/uploads\/2022\/06\/2022-ricardo-carranza-FAVICON.jpg","contentUrl":"https:\/\/carranzapoetrypaintings.art.br\/wp-content\/uploads\/2022\/06\/2022-ricardo-carranza-FAVICON.jpg","width":1781,"height":1822,"caption":"Ricardo Carranza"},"image":{"@id":"https:\/\/carranzapoetrypaintings.art.br\/#\/schema\/logo\/image\/"},"sameAs":["https:\/\/www.facebook.com\/people\/Ricardo-Carranza\/100001639244000\/","https:\/\/x.com\/carranza1953","https:\/\/instagram.com\/ricardo.carranza53"]},{"@type":"Person","@id":"https:\/\/carranzapoetrypaintings.art.br\/#\/schema\/person\/b5aa00bde24478b85efbac5a72a562d6","name":"edite","image":{"@type":"ImageObject","inLanguage":"en-US","@id":"https:\/\/secure.gravatar.com\/avatar\/0b66cb5ec1b5bf9974e0be57cc6810f58f9a9615f98fb4eb167ed316d8ccadcc?s=96&d=mm&r=g","url":"https:\/\/secure.gravatar.com\/avatar\/0b66cb5ec1b5bf9974e0be57cc6810f58f9a9615f98fb4eb167ed316d8ccadcc?s=96&d=mm&r=g","contentUrl":"https:\/\/secure.gravatar.com\/avatar\/0b66cb5ec1b5bf9974e0be57cc6810f58f9a9615f98fb4eb167ed316d8ccadcc?s=96&d=mm&r=g","caption":"edite"},"url":"https:\/\/carranzapoetrypaintings.art.br\/en\/author\/edite\/"}]}},"_links":{"self":[{"href":"https:\/\/carranzapoetrypaintings.art.br\/en\/wp-json\/wp\/v2\/posts\/1826","targetHints":{"allow":["GET"]}}],"collection":[{"href":"https:\/\/carranzapoetrypaintings.art.br\/en\/wp-json\/wp\/v2\/posts"}],"about":[{"href":"https:\/\/carranzapoetrypaintings.art.br\/en\/wp-json\/wp\/v2\/types\/post"}],"author":[{"embeddable":true,"href":"https:\/\/carranzapoetrypaintings.art.br\/en\/wp-json\/wp\/v2\/users\/1"}],"replies":[{"embeddable":true,"href":"https:\/\/carranzapoetrypaintings.art.br\/en\/wp-json\/wp\/v2\/comments?post=1826"}],"version-history":[{"count":9,"href":"https:\/\/carranzapoetrypaintings.art.br\/en\/wp-json\/wp\/v2\/posts\/1826\/revisions"}],"predecessor-version":[{"id":3700,"href":"https:\/\/carranzapoetrypaintings.art.br\/en\/wp-json\/wp\/v2\/posts\/1826\/revisions\/3700"}],"wp:featuredmedia":[{"embeddable":true,"href":"https:\/\/carranzapoetrypaintings.art.br\/en\/wp-json\/wp\/v2\/media\/2147"}],"wp:attachment":[{"href":"https:\/\/carranzapoetrypaintings.art.br\/en\/wp-json\/wp\/v2\/media?parent=1826"}],"wp:term":[{"taxonomy":"category","embeddable":true,"href":"https:\/\/carranzapoetrypaintings.art.br\/en\/wp-json\/wp\/v2\/categories?post=1826"},{"taxonomy":"post_tag","embeddable":true,"href":"https:\/\/carranzapoetrypaintings.art.br\/en\/wp-json\/wp\/v2\/tags?post=1826"}],"curies":[{"name":"wp","href":"https:\/\/api.w.org\/{rel}","templated":true}]}}